{"id":757,"date":"2023-03-03T09:39:19","date_gmt":"2023-03-03T09:39:19","guid":{"rendered":"https:\/\/www.grace-initiative.eu\/?p=757"},"modified":"2023-03-03T09:39:19","modified_gmt":"2023-03-03T09:39:19","slug":"lettre-dinformation-fevrier-2023","status":"publish","type":"post","link":"https:\/\/www.grace-initiative.eu\/?p=757&lang=fr","title":{"rendered":"Lettre d&#8217;information &#8211; F\u00e9vrier 2023"},"content":{"rendered":"<p>Apr\u00e8s 24 mois, notre projet destin\u00e9 aux petites et micro-entreprises du secteur cr\u00e9atif et culturel touche \u00e0 sa fin et nous pouvons vous pr\u00e9senter les r\u00e9sultats suivants pour une utilisation gratuite !<\/p>\n<p><a href=\"https:\/\/www.grace-initiative.eu\/wp-content\/uploads\/2023\/03\/GRACE-Newsletter_February2023_FR.pdf\" target=\"_blank\" rel=\"noopener\">Lettre d&#8217;information &#8211; F\u00e9vrier 2023<\/a><\/p>\n","protected":false},"excerpt":{"rendered":"<p>Apr\u00e8s 24 mois, notre projet destin\u00e9 aux petites et micro-entreprises du secteur cr\u00e9atif et culturel touche \u00e0 sa fin et nous pouvons vous pr\u00e9senter les r\u00e9sultats suivants pour une utilisation gratuite ! Lettre d&#8217;information &#8211; F\u00e9vrier 2023<\/p>\n","protected":false},"author":1,"featured_media":749,"comment_status":"closed","ping_status":"open","sticky":false,"template":"","format":"standard","meta":{"neve_meta_sidebar":"","neve_meta_container":"","neve_meta_enable_content_width":"off","neve_meta_content_width":70,"neve_meta_title_alignment":"","neve_meta_author_avatar":"","neve_post_elements_order":"","neve_meta_disable_header":"","neve_meta_disable_footer":"","neve_meta_disable_title":"","footnotes":""},"categories":[68],"tags":[],"class_list":["post-757","post","type-post","status-publish","format-standard","has-post-thumbnail","hentry","category-news-fr"],"_links":{"self":[{"href":"https:\/\/www.grace-initiative.eu\/index.php?rest_route=\/wp\/v2\/posts\/757","targetHints":{"allow":["GET"]}}],"collection":[{"href":"https:\/\/www.grace-initiative.eu\/index.php?rest_route=\/wp\/v2\/posts"}],"about":[{"href":"https:\/\/www.grace-initiative.eu\/index.php?rest_route=\/wp\/v2\/types\/post"}],"author":[{"embeddable":true,"href":"https:\/\/www.grace-initiative.eu\/index.php?rest_route=\/wp\/v2\/users\/1"}],"replies":[{"embeddable":true,"href":"https:\/\/www.grace-initiative.eu\/index.php?rest_route=%2Fwp%2Fv2%2Fcomments&post=757"}],"version-history":[{"count":1,"href":"https:\/\/www.grace-initiative.eu\/index.php?rest_route=\/wp\/v2\/posts\/757\/revisions"}],"predecessor-version":[{"id":758,"href":"https:\/\/www.grace-initiative.eu\/index.php?rest_route=\/wp\/v2\/posts\/757\/revisions\/758"}],"wp:featuredmedia":[{"embeddable":true,"href":"https:\/\/www.grace-initiative.eu\/index.php?rest_route=\/wp\/v2\/media\/749"}],"wp:attachment":[{"href":"https:\/\/www.grace-initiative.eu\/index.php?rest_route=%2Fwp%2Fv2%2Fmedia&parent=757"}],"wp:term":[{"taxonomy":"category","embeddable":true,"href":"https:\/\/www.grace-initiative.eu\/index.php?rest_route=%2Fwp%2Fv2%2Fcategories&post=757"},{"taxonomy":"post_tag","embeddable":true,"href":"https:\/\/www.grace-initiative.eu\/index.php?rest_route=%2Fwp%2Fv2%2Ftags&post=757"}],"curies":[{"name":"wp","href":"https:\/\/api.w.org\/{rel}","templated":true}]}}